{"id":7633,"date":"2026-03-12T13:05:37","date_gmt":"2026-03-12T12:05:37","guid":{"rendered":"https:\/\/www.letsgocompany.com\/?p=7633"},"modified":"2026-03-12T13:07:42","modified_gmt":"2026-03-12T12:07:42","slug":"el-azul-historia-cultural-arte-cine-avatar","status":"publish","type":"post","link":"https:\/\/www.letsgocompany.com\/es\/el-azul-historia-cultural-arte-cine-avatar\/","title":{"rendered":"El azul: la historia cultural de un color que conquist\u00f3 el arte y el cine"},"content":{"rendered":"<h3 style=\"text-align: left;\">Del ultramarino medieval a <em>Avatar<\/em>, una breve historia cultural sobre c\u00f3mo el azul pas\u00f3 de pigmento sagrado a lenguaje visual del cine contempor\u00e1neo.<\/h3>\n<p>&nbsp;<\/p>\n<blockquote>\n<p style=\"text-align: left;\">En t\u00e9rminos generales, el color es una fuerza que influye directamente en el alma. El color es el teclado; los ojos son los martillos; el alma es el piano con muchas cuerdas. El artista es la mano que toca, presionando una tecla u otra para provocar vibraciones en el alma. \u2014<strong>Wassily Kandinski<\/strong> (1911)<\/p>\n<\/blockquote>\n<p>&nbsp;<\/p>\n<p><img loading=\"lazy\" decoding=\"async\" class=\"alignnone wp-image-7662 size-full\" src=\"https:\/\/www.letsgocompany.com\/wp-content\/uploads\/2026\/03\/KANDINSKY.png\" alt=\"\" width=\"1440\" height=\"460\" srcset=\"https:\/\/www.letsgocompany.com\/wp-content\/uploads\/2026\/03\/KANDINSKY.png 1440w, https:\/\/www.letsgocompany.com\/wp-content\/uploads\/2026\/03\/KANDINSKY-1280x409.png 1280w, https:\/\/www.letsgocompany.com\/wp-content\/uploads\/2026\/03\/KANDINSKY-980x313.png 980w, https:\/\/www.letsgocompany.com\/wp-content\/uploads\/2026\/03\/KANDINSKY-480x153.png 480w\" sizes=\"(min-width: 0px) and (max-width: 480px) 480px, (min-width: 481px) and (max-width: 980px) 980px, (min-width: 981px) and (max-width: 1280px) 1280px, (min-width: 1281px) 1440px, 100vw\" \/><\/p>\n<p><em>Composition_VII \u2014<\/em>\u00a0Wassily Kandinsky. Fuente: Wikimedia Commons.<\/p>\n<p>&nbsp;<\/p>\n<p style=\"text-align: left;\">Esta forma casi sinest\u00e9sica de entender el fen\u00f3meno del color \u2014y c\u00f3mo nos afecta de maneras distintas\u2014 ayuda a comprender la complejidad de la creaci\u00f3n art\u00edstica cuando el uso del color es consciente y deliberado. M\u00e1s all\u00e1 de su dimensi\u00f3n f\u00edsica, el color es tambi\u00e9n una experiencia emocional.<\/p>\n<p style=\"text-align: left;\">Por ejemplo, el amarillo suele asociarse con la alegr\u00eda o la luz; el rojo con el peligro o la pasi\u00f3n; el verde puede evocar lo t\u00f3xico, pero tambi\u00e9n el equilibrio y la naturaleza. Cada color parece encarnar un peque\u00f1o repertorio de sensaciones culturales y afectivas.<\/p>\n<p style=\"text-align: left;\">Ahora bien, \u00bfa d\u00f3nde nos lleva el <strong>azul<\/strong>?<\/p>\n<p style=\"text-align: left;\">Pocas tonalidades ilustran mejor la ambig\u00fcedad crom\u00e1tica que el azul. A medio camino entre lo perceptivo y lo simb\u00f3lico, el azul ha sido hist\u00f3ricamente un color dif\u00edcil de fijar en una \u00fanica definici\u00f3n. Durante siglos fue uno de los pigmentos m\u00e1s raros y caros de la pintura europea, asociado a materiales preciosos como el lapisl\u00e1zuli y reservado a figuras de especial importancia dentro de la composici\u00f3n pict\u00f3rica. Sin embargo, al mismo tiempo fue adquiriendo un significado cultural m\u00e1s amplio: el azul del cielo, del mar o del horizonte empez\u00f3 a representar aquello que se encuentra m\u00e1s all\u00e1 del alcance humano.<\/p>\n<p>&nbsp;<\/p>\n<p><img loading=\"lazy\" decoding=\"async\" class=\"alignnone wp-image-7659 size-full\" src=\"https:\/\/www.letsgocompany.com\/wp-content\/uploads\/2026\/03\/GIOTTO.png\" alt=\"\" width=\"1440\" height=\"460\" srcset=\"https:\/\/www.letsgocompany.com\/wp-content\/uploads\/2026\/03\/GIOTTO.png 1440w, https:\/\/www.letsgocompany.com\/wp-content\/uploads\/2026\/03\/GIOTTO-1280x409.png 1280w, https:\/\/www.letsgocompany.com\/wp-content\/uploads\/2026\/03\/GIOTTO-980x313.png 980w, https:\/\/www.letsgocompany.com\/wp-content\/uploads\/2026\/03\/GIOTTO-480x153.png 480w\" sizes=\"(min-width: 0px) and (max-width: 480px) 480px, (min-width: 481px) and (max-width: 980px) 980px, (min-width: 981px) and (max-width: 1280px) 1280px, (min-width: 1281px) 1440px, 100vw\" \/><\/p>\n<p data-start=\"170\" data-end=\"252\"><em>Detalle de la Virgen con el Ni\u00f1o<\/em> \u2014 Giotto, Pol\u00edptico de Bolonia. Fuente: Wikimedia Commons.<\/p>\n<p>&nbsp;<\/p>\n<h4 style=\"text-align: left;\"><strong>Del ultramarino medieval al simbolismo renacentista<\/strong><\/h4>\n<p style=\"text-align: left;\">El prestigio cultural del azul ha ido <em>in crescendo<\/em> a lo largo de la historia. En la Antig\u00fcedad cl\u00e1sica, griegos y romanos no lo consideraban un color particularmente noble. De hecho, muchas veces se asociaba con los pueblos del norte de Europa \u2014los llamados \u00abb\u00e1rbaros\u00bb\u2014 que, seg\u00fan las fuentes romanas, te\u00f1\u00edan su piel o su cabello con pigmentos azulados obtenidos de plantas como el glasto. Para los romanos, ese azul, lejos de evocar espiritualidad o trascendencia, les provocaba algo m\u00e1s cercano a lo salvaje, lo extranjero o lo primitivo.<\/p>\n<p style=\"text-align: left;\">La historia cultural del azul es, en ese sentido, una historia de transformaci\u00f3n. El color que en la <strong>Antig\u00fcedad<\/strong> pod\u00eda asociarse con lo b\u00e1rbaro terminar\u00eda convirti\u00e9ndose, siglos m\u00e1s tarde, en uno de los pigmentos m\u00e1s prestigiosos del arte europeo.<\/p>\n<p style=\"text-align: left;\">En la <strong>pintura medieval y renacentista<\/strong>, el azul m\u00e1s intenso \u2014el ultramarino\u2014 se obten\u00eda a partir del lapisl\u00e1zuli, una piedra semipreciosa extra\u00edda principalmente en las minas de Afganist\u00e1n y transportada a Europa a trav\u00e9s de largas rutas comerciales. El pigmento era tan costoso que su uso se reservaba para figuras especialmente importantes dentro de una composici\u00f3n. Por eso aparece con frecuencia en los mantos de la Virgen o en escenas sagradas, como demostraci\u00f3n de valor material y simb\u00f3lico. Pintores como <strong>Giotto<\/strong> o m\u00e1s tarde <strong>Johannes Vermeer<\/strong> utilizaron ese azul profundo reservado con precisi\u00f3n a los elementos m\u00e1s destacables de sus obras.<\/p>\n<p style=\"text-align: left;\">Con el tiempo, el color dej\u00f3 de ser solo un pigmento valioso para convertirse en un s\u00edmbolo cultural m\u00e1s amplio. El azul empez\u00f3 a asociarse con la idea de trascendencia: el cielo como espacio infinito, el horizonte como promesa de lo lejano o el mar como profundidad insondable.<\/p>\n<p>&nbsp;<\/p>\n<p><img loading=\"lazy\" decoding=\"async\" class=\"alignnone wp-image-7674 size-full\" src=\"https:\/\/www.letsgocompany.com\/wp-content\/uploads\/2026\/03\/VERMEER.png\" alt=\"\" width=\"1440\" height=\"460\" srcset=\"https:\/\/www.letsgocompany.com\/wp-content\/uploads\/2026\/03\/VERMEER.png 1440w, https:\/\/www.letsgocompany.com\/wp-content\/uploads\/2026\/03\/VERMEER-1280x409.png 1280w, https:\/\/www.letsgocompany.com\/wp-content\/uploads\/2026\/03\/VERMEER-980x313.png 980w, https:\/\/www.letsgocompany.com\/wp-content\/uploads\/2026\/03\/VERMEER-480x153.png 480w\" sizes=\"(min-width: 0px) and (max-width: 480px) 480px, (min-width: 481px) and (max-width: 980px) 980px, (min-width: 981px) and (max-width: 1280px) 1280px, (min-width: 1281px) 1440px, 100vw\" \/><\/p>\n<p><em>La lechera<\/em> \u2014 Johannes Vermeer. Fuente: Wikimedia Commons.<\/p>\n<p>&nbsp;<\/p>\n<p><img loading=\"lazy\" decoding=\"async\" class=\"alignnone wp-image-7671 size-full\" src=\"https:\/\/www.letsgocompany.com\/wp-content\/uploads\/2026\/03\/VERMEER-2.png\" alt=\"\" width=\"1440\" height=\"460\" srcset=\"https:\/\/www.letsgocompany.com\/wp-content\/uploads\/2026\/03\/VERMEER-2.png 1440w, https:\/\/www.letsgocompany.com\/wp-content\/uploads\/2026\/03\/VERMEER-2-1280x409.png 1280w, https:\/\/www.letsgocompany.com\/wp-content\/uploads\/2026\/03\/VERMEER-2-980x313.png 980w, https:\/\/www.letsgocompany.com\/wp-content\/uploads\/2026\/03\/VERMEER-2-480x153.png 480w\" sizes=\"(min-width: 0px) and (max-width: 480px) 480px, (min-width: 481px) and (max-width: 980px) 980px, (min-width: 981px) and (max-width: 1280px) 1280px, (min-width: 1281px) 1440px, 100vw\" \/><\/p>\n<p data-start=\"231\" data-end=\"302\"><em data-start=\"198\" data-end=\"220\">La joven de la perla \u2014 <\/em>Johannes Vermeer, 1665. Fuente: Wikimedia Commons.<\/p>\n<p data-start=\"231\" data-end=\"302\">\n<h4 data-start=\"231\" data-end=\"302\"><strong>Del modernismo de Rub\u00e9n Dar\u00edo al <em>Blue Period<\/em> de Picasso<\/strong><\/h4>\n<p style=\"text-align: left;\">A finales del siglo XIX, esa dimensi\u00f3n simb\u00f3lica dio un salto hacia la literatura. En 1888, el poeta nicarag\u00fcense <strong>Rub\u00e9n Dar\u00edo<\/strong> public\u00f3 <strong><em>Azul\u2026<\/em><\/strong>, un libro que no solo inaugur\u00f3 el <strong>modernismo hispanoamericano<\/strong>, sino que convirti\u00f3 el azul en una especie de programa est\u00e9tico. El color aparec\u00eda como met\u00e1fora de un ideal art\u00edstico nuevo: refinado, cosmopolita, lleno de referencias culturales y alejado del realismo cotidiano. Es una constante en todo el libro, como un motivo casi obsesivo: un \u00abni\u00f1o risue\u00f1o, de medias azules\u00bb, unas \u00abpupilas azules y h\u00famedas\u00bb, \u00abun sue\u00f1o azul\u00bb o incluso la figura simb\u00f3lica de un \u00abp\u00e1jaro azul\u00bb. Con Dar\u00edo, el azul se convierte en una atm\u00f3sfera intelectual, una aspiraci\u00f3n est\u00e9tica.<\/p>\n<p style=\"text-align: left;\">Pocos a\u00f1os despu\u00e9s, ese mismo color adquirir\u00eda un significado completamente distinto en la <strong>pintura moderna<\/strong>. Entre 1901 y 1904, <strong>Pablo Picasso<\/strong> desarroll\u00f3 lo que la historia del arte conoce como el <strong><em>Picasso&#8217;s Blue Period<\/em><\/strong>. Sus lienzos se poblaron de figuras solitarias: mendigos, ciegos, madres exhaustas, personajes atrapados en interiores fr\u00edos y casi vac\u00edos. El azul, lejos de representar un ideal refinado, era aqu\u00ed un tono emocional dominante, una especie de clima psicol\u00f3gico. En estos cuadros, el mundo parece haberse enfriado.<\/p>\n<p>&nbsp;<\/p>\n<p><img loading=\"lazy\" decoding=\"async\" class=\"alignnone wp-image-7668 size-full\" src=\"https:\/\/www.letsgocompany.com\/wp-content\/uploads\/2026\/03\/PICASSO.png\" alt=\"\" width=\"1440\" height=\"460\" srcset=\"https:\/\/www.letsgocompany.com\/wp-content\/uploads\/2026\/03\/PICASSO.png 1440w, https:\/\/www.letsgocompany.com\/wp-content\/uploads\/2026\/03\/PICASSO-1280x409.png 1280w, https:\/\/www.letsgocompany.com\/wp-content\/uploads\/2026\/03\/PICASSO-980x313.png 980w, https:\/\/www.letsgocompany.com\/wp-content\/uploads\/2026\/03\/PICASSO-480x153.png 480w\" sizes=\"(min-width: 0px) and (max-width: 480px) 480px, (min-width: 481px) and (max-width: 980px) 980px, (min-width: 981px) and (max-width: 1280px) 1280px, (min-width: 1281px) 1440px, 100vw\" \/><\/p>\n<p><em data-start=\"305\" data-end=\"320\">Mujer planchando <\/em>\u2014 Pablo Picasso, 1901. Fuente: Wikimedia Commons.<\/p>\n<p>&nbsp;<\/p>\n<p style=\"text-align: left;\">Si Dar\u00edo hab\u00eda convertido el azul en un s\u00edmbolo de belleza, Picasso lo transform\u00f3 en el color de la introspecci\u00f3n y la melancol\u00eda. En apenas unas d\u00e9cadas, el azul pas\u00f3 de ser el pigmento m\u00e1s precioso del arte europeo a convertirse en un lenguaje emocional de la modernidad.<\/p>\n<p>&nbsp;<\/p>\n<h4 style=\"text-align: left;\"><strong>El azul en el cine: historia cultural de un color<\/strong><\/h4>\n<p style=\"text-align: left;\">Con la aparici\u00f3n del cine \u2014un arte que pronto empez\u00f3 a absorber lenguajes procedentes de la pintura, la literatura o la m\u00fasica\u2014 el uso del azul se traslad\u00f3 a un nuevo territorio visual: la imagen en movimiento. Desde sus primeras exploraciones crom\u00e1ticas, el azul ofrec\u00eda un amplio espectro de posibilidades narrativas. Pod\u00eda sugerir noche, silencio o distancia; pod\u00eda construir atm\u00f3sferas de nostalgia, pero tambi\u00e9n evocar tecnolog\u00eda, futuro o mundos desconocidos.<\/p>\n<p style=\"text-align: left;\">En muchas pel\u00edculas contempor\u00e1neas, el azul aparece como una forma de marcar distancia respecto al mundo cotidiano, una tonalidad que separa al espectador de la realidad inmediata y lo introduce en un espacio distinto. Pel\u00edculas como <strong><em>Three Colors: Blue<\/em><\/strong>, donde el color acompa\u00f1a el proceso de duelo y la b\u00fasqueda de libertad de su protagonista, o <strong><em>Blue Is the Warmest Color<\/em><\/strong>, donde el azul se convierte en una presencia constante que evoca melancol\u00eda, deseo y pasi\u00f3n, muestran hasta qu\u00e9 punto el color puede funcionar como un elemento narrativo por s\u00ed mismo.<\/p>\n<p style=\"text-align: left;\">Pero pocas obras llevan esta l\u00f3gica tan lejos como <span style=\"color: #ebcd57;\"><strong><em><a style=\"color: #ebcd57;\" href=\"https:\/\/www.letsgocompany.com\/es\/estreno-avatar-the-experience-madrid\/\">Avatar<\/a><\/em><\/strong><\/span>. En la saga dirigida por James Cameron, el azul \u2014lejos de ser un mero recurso expresivo\u2014 se convierte en el principio visual que organiza todo un universo, con su propia cultura, valores y ecosistema.<\/p>\n<p style=\"text-align: left;\">En <strong>Pandora<\/strong>, el planeta donde transcurre la historia, el azul aparece en todas partes: en la piel de los Na\u2019vi, en la bioluminiscencia de la flora y en la atm\u00f3sfera nocturna que envuelve los paisajes. Aqu\u00ed el color funciona como una declaraci\u00f3n simb\u00f3lica: marca la alteridad de ese mundo y de quienes lo habitan. Es el mar y el cielo extendi\u00e9ndose sobre los cuerpos y las superficies del planeta, una naturaleza que vive en esa misma tonalidad. Al mismo tiempo, esta paleta crom\u00e1tica recuerda inevitablemente la luz fr\u00eda de las pantallas digitales, insinuando tambi\u00e9n la presencia \u2014y la amenaza\u2014 de la tecnolog\u00eda humana.<\/p>\n<p>&nbsp;<\/p>\n<p><img loading=\"lazy\" decoding=\"async\" class=\"alignnone wp-image-7653 size-full\" src=\"https:\/\/www.letsgocompany.com\/wp-content\/uploads\/2026\/03\/AVATAR-PELICULA.png\" alt=\"\" width=\"1440\" height=\"460\" srcset=\"https:\/\/www.letsgocompany.com\/wp-content\/uploads\/2026\/03\/AVATAR-PELICULA.png 1440w, https:\/\/www.letsgocompany.com\/wp-content\/uploads\/2026\/03\/AVATAR-PELICULA-1280x409.png 1280w, https:\/\/www.letsgocompany.com\/wp-content\/uploads\/2026\/03\/AVATAR-PELICULA-980x313.png 980w, https:\/\/www.letsgocompany.com\/wp-content\/uploads\/2026\/03\/AVATAR-PELICULA-480x153.png 480w\" sizes=\"(min-width: 0px) and (max-width: 480px) 480px, (min-width: 481px) and (max-width: 980px) 980px, (min-width: 981px) and (max-width: 1280px) 1280px, (min-width: 1281px) 1440px, 100vw\" \/><\/p>\n<p>Im\u00e1genes de <em><span class=\"hover:entity-accent entity-underline inline cursor-pointer align-baseline\"><span class=\"whitespace-normal\">Avatar<\/span><\/span> <\/em>que muestran el universo visual de Pandora y la presencia dominante del azul en la est\u00e9tica de la pel\u00edcula. Fuente: IMDb.<\/p>\n<p>&nbsp;<\/p>\n<p style=\"text-align: left;\">Hay, adem\u00e1s, una paradoja interesante en esa est\u00e9tica. Pandora se presenta como un ecosistema exuberante, pero su existencia depende de una de las tecnolog\u00edas cinematogr\u00e1ficas m\u00e1s sofisticadas del siglo XXI: captura de movimiento, renderizado digital y sistemas de animaci\u00f3n que transformaron la producci\u00f3n de efectos visuales. El azul termina por ser el color del cine digital.<\/p>\n<p>&nbsp;<\/p>\n<h4 style=\"text-align: left;\"><strong><em>Avatar<\/em><\/strong><strong> y la inmersi\u00f3n: el azul como entorno<\/strong><\/h4>\n<p style=\"text-align: left;\">Si durante siglos el azul fue el color de lo lejano y lo sacro \u2014el cielo, el horizonte o lo divino\u2014, producciones contempor\u00e1neas como <span style=\"color: #ebcd57;\"><strong><em><a style=\"color: #ebcd57;\" href=\"https:\/\/www.letsgocompany.com\/es\/estreno-avatar-the-experience-madrid\/\">Avatar<\/a><\/em><\/strong> <\/span>lo han transformado en un mundo habitable, casi tangible, construyendo un entorno completo a partir de \u00e9l. En este contexto, la experiencia inmersiva inspirada en el universo de la pel\u00edcula lleva esa l\u00f3gica un paso m\u00e1s all\u00e1. En <span style=\"color: #ebcd57;\"><strong><em><a style=\"color: #ebcd57;\" href=\"https:\/\/feverup.com\/m\/478360?thm=6899&amp;_gl=1*1j06wyd*_ga*NzY0NDI2Mzg2LjE3NjA0MzcxNDg.*_ga_747R3YXLQ5*czE3NzMyMjk3NTAkbzEyJGcxJHQxNzczMjI5ODI5JGo2MCRsMCRoMA..&amp;cp_landing=cta_header&amp;cp_landing_term=cta_header&amp;cp_landing_source=avatartheexperience&amp;utm_source=direct\">Avatar: The Experience<\/a><\/em><\/strong><\/span>, el espectador abandona su papel de observador para convertirse en visitante de un ecosistema visual donde bioluminiscencia, paisajes y criaturas transforman el azul en una atm\u00f3sfera que se puede recorrer y con la que se puede interactuar.<\/p>\n<p>&nbsp;<\/p>\n<p><img loading=\"lazy\" decoding=\"async\" class=\"alignnone wp-image-7650 size-full\" src=\"https:\/\/www.letsgocompany.com\/wp-content\/uploads\/2026\/03\/AVATAR-EXP.png\" alt=\"\" width=\"1440\" height=\"460\" srcset=\"https:\/\/www.letsgocompany.com\/wp-content\/uploads\/2026\/03\/AVATAR-EXP.png 1440w, https:\/\/www.letsgocompany.com\/wp-content\/uploads\/2026\/03\/AVATAR-EXP-1280x409.png 1280w, https:\/\/www.letsgocompany.com\/wp-content\/uploads\/2026\/03\/AVATAR-EXP-980x313.png 980w, https:\/\/www.letsgocompany.com\/wp-content\/uploads\/2026\/03\/AVATAR-EXP-480x153.png 480w\" sizes=\"(min-width: 0px) and (max-width: 480px) 480px, (min-width: 481px) and (max-width: 980px) 980px, (min-width: 981px) and (max-width: 1280px) 1280px, (min-width: 1281px) 1440px, 100vw\" \/><\/p>\n<p>Im\u00e1genes de <em><span class=\"hover:entity-accent entity-underline inline cursor-pointer align-baseline\"><span class=\"whitespace-normal\">Avatar: The Experience<\/span><\/span><\/em>, donde el universo de Pandora se transforma en un entorno inmersivo que el visitante puede recorrer. Fuente: LETSGO<\/p>\n<p>&nbsp;<\/p>\n<h4 style=\"text-align: left;\"><strong>El azul como fen\u00f3meno cultural y emocional<\/strong><\/h4>\n<p style=\"text-align: left;\">Como se\u00f1ala el historiador del arte <strong>John Gage <\/strong>(1999), el color puede describirse f\u00edsicamente \u2014en t\u00e9rminos de tono, saturaci\u00f3n o brillo\u2014, pero esa definici\u00f3n apenas explica c\u00f3mo lo experimentamos realmente. Entre la percepci\u00f3n objetiva y la interpretaci\u00f3n cultural se abre un espacio donde cada \u00e9poca proyecta sus propias emociones y s\u00edmbolos. El azul ha ocupado ese espacio de manera particularmente intensa.<\/p>\n<p style=\"text-align: left;\">El recorrido cultural del azul ha alcanzado as\u00ed una nueva etapa. De pigmento raro en la pintura medieval a s\u00edmbolo est\u00e9tico en la literatura modernista, de emoci\u00f3n en la pintura de <strong>Pablo Picasso<\/strong> a atm\u00f3sfera en el cine contempor\u00e1neo, el azul ha ido ampliando progresivamente su territorio. Hoy, en experiencias inmersivas inspiradas en universos cinematogr\u00e1ficos como <strong><em>Avatar<\/em><\/strong>, deja de ser \u00fanicamente una imagen para convertirse en un entorno que el espectador puede ocupar.<\/p>\n<p>&nbsp;<\/p>\n<p style=\"text-align: right;\">Por La Pluma de LETSGO, Claudia P\u00e9rez Carbonell, a 12 de marzo de 2026<\/p>\n<p>&nbsp;<\/p>\n<p>&nbsp;<\/p>\n<p><span data-ccp-props=\"{}\">\u00a0<\/span><\/p>\n","protected":false},"excerpt":{"rendered":"<p>Del ultramarino medieval a Avatar, una breve historia cultural sobre c\u00f3mo el azul pas\u00f3 de pigmento sagrado a lenguaje visual del cine contempor\u00e1neo. &nbsp; En t\u00e9rminos generales, el color es una fuerza que influye directamente en el alma. El color es el teclado; los ojos son los martillos; el alma es el piano con muchas [&hellip;]<\/p>\n","protected":false},"author":12,"featured_media":7656,"comment_status":"closed","ping_status":"closed","sticky":false,"template":"","format":"standard","meta":{"_acf_changed":false,"_et_pb_use_builder":"off","_et_pb_old_content":"<p>[et_pb_section][et_pb_row][et_pb_column type=\"4_4\"][et_pb_text]<\/p><h3 style=\"text-align: left;\">We sat down with Valerio Tiberi to talk about creativity and technique in stage lighting.<\/h3><p>\u00a0<\/p><blockquote><p style=\"text-align: right;\">Theatre (\u2026) is the only place where you can rediscover darkness.<\/p><\/blockquote><p>\u00a0<\/p><p style=\"text-align: left;\">Valerio Tiberi is one of the most sought-after lighting designers in the European theatre scene. His professional range spans from opera productions in emblematic venues like the Op\u00e9ra Bastille in Paris and Teatro alla Scala in Milan, to international musicals such as <strong><a href=\"https:\/\/musicalelfantasmadelaopera.com\/\"><em>The Phantom of the Opera<\/em><\/a><\/strong>, <strong><a href=\"https:\/\/www.kitkatklubcabaret.com\/\"><em>Cabaret<\/em><\/a><\/strong>, or <em>West Side Story<\/em>; ballet (<em>A Thousand Tales<\/em>, <em>Alice in Wonderland<\/em>, etc.), and haute couture fashion shows for brands like Valentino and Dolce & Gabbana. He has received numerous awards, including the Italian Musical Oscar and Best Lighting Design.<\/p><p style=\"text-align: left;\">His work strikes a natural balance between technical precision and aesthetic sensitivity \u2014which is no small feat. In this interview, he opens up about his creative process, his reflections, and the challenges of lighting vastly different worlds: the theatre stage and the fashion runway.<\/p><p><img class=\"alignnone wp-image-5084 size-full\" src=\"https:\/\/www.letsgocompany.com\/wp-content\/uploads\/2025\/07\/LG-BLOG_ENTREVISTA-VALERIO.jpg\" alt=\"\" width=\"1440\" height=\"460\" \/><\/p><p>\u00a0<\/p><h4 style=\"text-align: left;\"><strong>The challenge of lighting a classic<\/strong><\/h4><p style=\"text-align: left;\">Tiberi recalls that his relationship with LETSGO dates back at least to 2016, when they produced <em>Dirty Dancing<\/em> in Spain for the first time:<\/p><blockquote><p style=\"text-align: left;\">I came with Federico Bellone; we were the original creative team. Since then, we\u2019ve done many productions [with LETSGO], but without a doubt, the most successful one is <em><strong><a href=\"https:\/\/www.letsgocompany.com\/es\/nuevo-destino-desbloqueado-aterrizamos-en-mexico-con-el-fantasma-de-la-opera\/\">The Phantom of the Opera<\/a><\/strong><\/em>.<\/p><\/blockquote><p style=\"text-align: left;\">Being part of the first Spanish-language production of one of the most successful musicals in history was a challenge in every sense. Tiberi remembers staging <em>Phantom<\/em> at Teatro Alb\u00e9niz as \u201ca very difficult project.\u201d This is where the intricacies of lighting design come into play, when theory meets the hard ground of practice:<\/p><blockquote><p style=\"text-align: left;\">The biggest challenge was finding the physical space to place the light. We can all come up with incredible ideas, but my job is to make them into reality.<\/p><\/blockquote><p><img class=\"alignnone wp-image-5090 size-full\" src=\"https:\/\/www.letsgocompany.com\/wp-content\/uploads\/2025\/07\/LG-BLOG_ENTREVISTA-VALERIO_2.jpg\" alt=\"\" width=\"1440\" height=\"460\" \/><\/p><p style=\"text-align: left;\">Lighting design by Valerio Tiberi for <em>The Phantom of the Opera<\/em> (Madrid production). Photo: LETSGO.<\/p><p>\u00a0<\/p><p style=\"text-align: left;\">It was one of those times when art has to come down to earth: adapting to budgets, technical layouts, timelines, and spatial limitations. Finding the perfect spot for the light, and projecting from there.<\/p><blockquote><p style=\"text-align: left;\">We used very powerful light sources that could do several things at once: specials, washes, effects. We worked a lot with light tilting to create depth, and we also used smoke, fire... fire is light, too, of course.<\/p><\/blockquote><p style=\"text-align: left;\">An artist\u2019s greatness often lies in their versatility. <strong><a href=\"https:\/\/www.letsgocompany.com\/es\/cabaret-llega-a-madrid-quien-se-atreve-a-bailar-mientras-el-mundo-se-rompe\/\"><em>Cabaret<\/em> <\/a><\/strong>is a whole different beast \u2014but naturally, Tiberi embraces the challenge:<\/p><blockquote><p style=\"text-align: left;\">In <em>Cabaret<\/em>, the approach is completely different. It\u2019s an immersive production and although we\u2019re still in the creative process, the challenge is once again the same: finding space for the lights. Only this time, the light is exposed. In <em>Phantom<\/em>, it was hidden. The audience didn\u2019t see it. In <em>Cabaret<\/em>, the lighting is part of the set. Everyone will see it.<\/p><\/blockquote><p>\u00a0<\/p><h4 style=\"text-align: left;\"><strong>Thinking like the audience<\/strong><\/h4><p style=\"text-align: left;\">Lighting design is not just a technical craft. How do you think about a show when you\u2019re a creative but can\u2019t lose sight of the surgical precision that light demands? Luckily, artistic environments are fertile ground for questioning and transformation.<\/p><p style=\"text-align: left;\">Tiberi is clear: the key is thinking like the audience. In the end, it all comes back to emotion and to human reaction:<\/p><blockquote><p style=\"text-align: left;\">There\u2019s no one rule. I adapt to each situation. For example, with <em>Cabaret<\/em>, I started from the tools: I knew I needed dynamic, effect-driven lighting. In <em>Phantom<\/em>, it was the opposite: storytelling was my starting point.<br \/>But in both cases, I try to keep an artistic mindset from the beginning. I like to think like the audience. The audience doesn\u2019t know if it was hard or easy to achieve an effect; they only know if it moved them. That\u2019s why I try to understand how the human mind reacts to light, to color, to stimuli. And that changes depending on the type of show, the city, the society. It\u2019s not just design: it\u2019s psychology.<\/p><\/blockquote><p><img class=\"alignnone wp-image-5099 size-full\" src=\"https:\/\/www.letsgocompany.com\/wp-content\/uploads\/2025\/07\/LG-BLOG_ENTREVISTA-VALERIO_4.jpg\" alt=\"\" width=\"1440\" height=\"460\" \/><\/p><p style=\"text-align: left;\">Custom Gobos used on <em>The Phantom of the Opera<\/em>. Courtesy of Valerio Tiberi.<\/p><h4>\u00a0<\/h4><p>\u00a0<\/p><h4 style=\"text-align: left;\"><strong>Rediscovering darkness<\/strong><\/h4><p style=\"text-align: left;\">Tiberi is fascinated by a deeply contemporary concern: in a world blinded by light (computers, phones...) we\u2019ve become unavailable to darkness. We live in a state of overexposure, often without even realizing it.<\/p><blockquote><p style=\"text-align: left;\">Theatre, like some exhibitions, is the only place where you can rediscover darkness. That\u2019s why I always start from the dark. And from there, I build layers. I begin with the black, then work on the amount of light: the white. And if needed, the colors come after. Contrast is essential. I\u2019m not just talking about aesthetics; I\u2019m talking about creating an intimate experience, something the audience doesn\u2019t find in their daily lives.<\/p><\/blockquote><p style=\"text-align: left;\"><em>\u201cRediscovering darkness (\u2026) an intimate experience.\u201d <\/em>To train the mind to appreciate privacy and reflective environments \u2014so often linked to solitude and twilight\u2014 has become a monumental act. In this sense, framing theatre as a space that revives our most primal thoughts and relationships isn\u2019t nostalgia: it\u2019s a new form of approach, born from our modern context.<\/p><p>\u00a0<\/p><h4 style=\"text-align: left;\"><strong>Can AI understand theatre?<\/strong><\/h4><p style=\"text-align: left;\">Another hallmark of our times: new technologies and the relationships we forge with them. Tiberi acknowledges that AI has helped him streamline tasks and compare ideas:<\/p><blockquote><p style=\"text-align: left;\">It\u2019s like a secretary: I feed it images, concepts, and ask it to try out atmospheres. But of course, AI doesn\u2019t know where to physically place a light in the theatre, or which type to use, or when. It helps optimize, expand your thinking, but not solve the essentials.<br \/>I mostly use it for dramaturgy. I create mental maps of the show, there, it\u2019s useful. But you need time. If you\u2019re working, you\u2019re working. Still, I think many professions could benefit from AI if used wisely.<\/p><\/blockquote><p style=\"text-align: left;\">Despite growing discussions about whether human creativity can be replaced by algorithms, Tiberi reminds us that some things can\u2019t be substituted. Asked about a moment where lighting was crucial to solving a dramaturgical challenge, he shares:<\/p><blockquote><p style=\"text-align: left;\">In <a href=\"https:\/\/www.houdinielmusical.com\/\"><strong><em>Houdini<\/em><\/strong><\/a>, in Italy, one of the last scenes was very hard to resolve. We talked for weeks about how to stage it\u2026 and in the end, I did something very simple in the theatre and it worked. Sometimes we overthink things, and the solution is in the simplest move.<\/p><\/blockquote><p><img class=\"alignnone wp-image-5096 size-full\" src=\"https:\/\/www.letsgocompany.com\/wp-content\/uploads\/2025\/07\/LG-BLOG_ENTREVISTA-VALERIO_4-2.jpg\" alt=\"\" width=\"1440\" height=\"460\" \/><\/p><p style=\"text-align: left;\">Lighting design by Valerio Tiberi for <strong><em><a href=\"https:\/\/www.letsgocompany.com\/es\/houdini-un-musical-magico-mas-alla-del-mito-y-la-cancion\/\">Houdini<\/a> <\/em><\/strong>(Italy production).<\/p><p>\u00a0<\/p><h4 style=\"text-align: left;\"><strong>Being a designer today: the power of active experience<\/strong><\/h4><p style=\"text-align: left;\">In a world where instinct and hands-on experience make all the difference, Tiberi knows exactly what he\u2019d tell a young lighting designer starting out:<\/p><blockquote><p style=\"text-align: left;\">Nowadays, with all the tech out there, it\u2019s easy to reach an average level. But getting to the top is harder than ever. The key is real experience. You need to be in the theatre, live the space, rehearse, test. Be there at least 300 days a year. And travel. See shows, museums, exhibitions. Not just modern ones, classics too. Go to the Louvre, to MoMA\u2026 Start from what\u2019s tangible. Don\u2019t stay in one country, or one style.<\/p><\/blockquote><p style=\"text-align: left;\">On his experience teaching at the Accademia Teatro alla Scala, he adds:<\/p><blockquote><p style=\"text-align: left;\">I don\u2019t want to be a traditional professor. I want to speak from experience, what\u2019s worked and what hasn\u2019t. I try to involve my students directly in the theatre. That\u2019s where real learning happens.<\/p><\/blockquote><p><img class=\"alignnone wp-image-5102 size-full\" src=\"https:\/\/www.letsgocompany.com\/wp-content\/uploads\/2025\/07\/LG-BLOG_ENTREVISTA-VALERIO_6.jpg\" alt=\"\" width=\"1440\" height=\"460\" \/><\/p><p style=\"text-align: left;\">Color List used for the lighting design (left) and Designer\u2019s magic sheet (right), both used on <em>The Phantom of the Opera<\/em>. Courtesy of Valerio Tiberi.<\/p><p>\u00a0<\/p><h4 style=\"text-align: left;\"><strong>Fashion vs. Theatre: two worlds, two timeframes<\/strong><\/h4><p style=\"text-align: left;\">As mentioned earlier, Tiberi\u2019s work isn\u2019t limited to the stage or the classroom. He\u2019s also designed lighting for fashion shows, where atmosphere and storytelling \u2014when present\u2014 play a secondary role. But where does the real difference lie between stage and runway?<\/p><blockquote><p style=\"text-align: left;\">It\u2019s all about timing. In fashion, preproduction is long, but setup takes just two or three days. And the show lasts, at most, twenty minutes. In that time, you run seven or eight cues: the intro, models entering, the runway, the finale, the exit.<br \/>It may not sound like much, but it\u2019s a massive job, with last-minute changes, contradictory decisions\u2026 sometimes the day before.<br \/>Above all, it\u2019s about the clothes. You need to light the garments with natural-looking light, without altering colors, minimizing shadows. The image must be clean, sharp. Sure, you work on the mood, but ultimately, it\u2019s about showcasing the clothes. It\u2019s about showing and selling.<br \/>And the goal is completely different from theatre. In a fashion show, what matters most is what ends up on Instagram. Lighting has to be tailored for smartphones, not for the human eye. And there\u2019s the live stream too, all the major brands do it now.<\/p><\/blockquote><p>\u00a0<\/p><h4 style=\"text-align: left;\"><strong>The emotional impact of light<\/strong><\/h4><p style=\"text-align: left;\">A profession that walks the line between creativity and technicality but that, above all, demands a sensibility centered on the audience. In this sense, theatre stands as a master at evoking the deepest emotions.<\/p><p><img class=\"alignnone wp-image-5087 size-full\" src=\"https:\/\/www.letsgocompany.com\/wp-content\/uploads\/2025\/07\/LG-BLOG_ENTREVISTA-VALERIO_1.jpg\" alt=\"\" width=\"1440\" height=\"460\" \/><\/p><p style=\"text-align: left;\">Lighting design by Valerio Tiberi for <em>Natura Encesa <\/em>(Barcelona production). Photo: LETSGO.<\/p><p style=\"text-align: left;\"><em>\u00a0<\/em><\/p><blockquote><p style=\"text-align: left;\">In musical theatre, the show comes together during previews, where you polish the details. The most emotional moment is the premiere, that\u2019s when you can finally sit back and enjoy. Opening night is when you let go and just watch.<\/p><\/blockquote><p style=\"text-align: left;\">The premiere is the first glimpse into the emotional impact a piece can have, not just on the audience, but on the team behind it. In September 2024, Valerio Tiberi returned to Madrid after nearly a year, not because of <em>Phantom<\/em>, but for unrelated reasons. Still, he went back to the Alb\u00e9niz to see the show again:<\/p><blockquote><p style=\"text-align: left;\">I was crying the whole time. After a year\u2026 it made me cry. When that happens, it\u2019s a good thing.<\/p><\/blockquote><p>\u00a0<\/p><p style=\"text-align: right;\"><span class=\"TextRun SCXW2194258 BCX0\" lang=\"EN-US\" xml:lang=\"EN-US\" data-contrast=\"auto\"><span class=\"NormalTextRun SCXW2194258 BCX0\">By<\/span><span class=\"NormalTextRun SCXW2194258 BCX0\"> The<\/span><span class=\"NormalTextRun SCXW2194258 BCX0\"> LETSGO<\/span><span class=\"NormalTextRun SCXW2194258 BCX0\"> Pen<\/span><span class=\"NormalTextRun SCXW2194258 BCX0\">,<\/span> <span class=\"NormalTextRun SCXW2194258 BCX0\">Claudia P\u00e9rez Carbonell,<\/span><span class=\"NormalTextRun SCXW2194258 BCX0\"> on <\/span><span class=\"NormalTextRun SCXW2194258 BCX0\">July 15th<\/span><span class=\"NormalTextRun SCXW2194258 BCX0\">, 2025<\/span><\/span><span class=\"EOP SCXW2194258 BCX0\" data-ccp-props=\"{\"335551550\":3,\"335551620\":3}\">\u00a0<\/span><\/p><p><span class=\"TextRun SCXW211959452 BCX0\" lang=\"EN-US\" xml:lang=\"EN-US\" data-contrast=\"auto\"><span class=\"NormalTextRun SCXW211959452 BCX0\">\u00a0<\/span><\/span><\/p><p>[\/et_pb_text][\/et_pb_column][\/et_pb_row][\/et_pb_section]<\/p>","_et_gb_content_width":"","footnotes":""},"categories":[73],"tags":[],"class_list":["post-7633","post","type-post","status-publish","format-standard","has-post-thumbnail","hentry","category-behind-the-scenes-es"],"acf":[],"yoast_head":"<!-- This site is optimized with the Yoast SEO plugin v27.0 - https:\/\/yoast.com\/product\/yoast-seo-wordpress\/ -->\n<title>El azul: la historia cultural de un color que conquist\u00f3 el arte y el cine - LetsGo<\/title>\n<meta name=\"description\" content=\"La historia cultural del azul, del ultramarino medieval a Avatar, y su influencia en arte, literatura y cine.\" \/>\n<meta name=\"robots\" content=\"index, follow, max-snippet:-1, max-image-preview:large, max-video-preview:-1\" \/>\n<link rel=\"canonical\" href=\"https:\/\/www.letsgocompany.com\/es\/el-azul-historia-cultural-arte-cine-avatar\/\" \/>\n<meta property=\"og:locale\" content=\"es_ES\" \/>\n<meta property=\"og:type\" content=\"article\" \/>\n<meta property=\"og:title\" content=\"El azul: la historia cultural de un color que conquist\u00f3 el arte y el cine - LetsGo\" \/>\n<meta property=\"og:description\" content=\"La historia cultural del azul, del ultramarino medieval a Avatar, y su influencia en arte, literatura y cine.\" \/>\n<meta property=\"og:site_name\" content=\"LetsGo\" \/>\n<meta property=\"article:published_time\" content=\"2026-03-12T12:05:37+00:00\" \/>\n<meta property=\"article:modified_time\" content=\"2026-03-12T12:07:42+00:00\" \/>\n<meta property=\"og:image\" content=\"https:\/\/www.letsgocompany.com\/wp-content\/uploads\/2026\/03\/CABECERA.png\" \/>\n\t<meta property=\"og:image:width\" content=\"1440\" \/>\n\t<meta property=\"og:image:height\" content=\"460\" \/>\n\t<meta property=\"og:image:type\" content=\"image\/png\" \/>\n<meta name=\"author\" content=\"cperez\" \/>\n<meta name=\"twitter:card\" content=\"summary_large_image\" \/>\n<meta name=\"twitter:label1\" content=\"Escrito por\" \/>\n\t<meta name=\"twitter:data1\" content=\"cperez\" \/>\n\t<meta name=\"twitter:label2\" content=\"Tiempo de lectura\" \/>\n\t<meta name=\"twitter:data2\" content=\"9 minutos\" \/>\n<script type=\"application\/ld+json\" class=\"yoast-schema-graph\">{\"@context\":\"https:\/\/schema.org\",\"@graph\":[{\"@type\":\"Article\",\"@id\":\"https:\/\/www.letsgocompany.com\/es\/el-azul-historia-cultural-arte-cine-avatar\/#article\",\"isPartOf\":{\"@id\":\"https:\/\/www.letsgocompany.com\/es\/el-azul-historia-cultural-arte-cine-avatar\/\"},\"author\":{\"name\":\"cperez\",\"@id\":\"https:\/\/www.letsgocompany.com\/es\/#\/schema\/person\/58ca4cfa9c51f70e45bc74a0237d4260\"},\"headline\":\"El azul: la historia cultural de un color que conquist\u00f3 el arte y el cine\",\"datePublished\":\"2026-03-12T12:05:37+00:00\",\"dateModified\":\"2026-03-12T12:07:42+00:00\",\"mainEntityOfPage\":{\"@id\":\"https:\/\/www.letsgocompany.com\/es\/el-azul-historia-cultural-arte-cine-avatar\/\"},\"wordCount\":1723,\"image\":{\"@id\":\"https:\/\/www.letsgocompany.com\/es\/el-azul-historia-cultural-arte-cine-avatar\/#primaryimage\"},\"thumbnailUrl\":\"https:\/\/www.letsgocompany.com\/wp-content\/uploads\/2026\/03\/CABECERA.png\",\"articleSection\":[\"Behind the Scenes\"],\"inLanguage\":\"es\"},{\"@type\":\"WebPage\",\"@id\":\"https:\/\/www.letsgocompany.com\/es\/el-azul-historia-cultural-arte-cine-avatar\/\",\"url\":\"https:\/\/www.letsgocompany.com\/es\/el-azul-historia-cultural-arte-cine-avatar\/\",\"name\":\"El azul: la historia cultural de un color que conquist\u00f3 el arte y el cine - LetsGo\",\"isPartOf\":{\"@id\":\"https:\/\/www.letsgocompany.com\/es\/#website\"},\"primaryImageOfPage\":{\"@id\":\"https:\/\/www.letsgocompany.com\/es\/el-azul-historia-cultural-arte-cine-avatar\/#primaryimage\"},\"image\":{\"@id\":\"https:\/\/www.letsgocompany.com\/es\/el-azul-historia-cultural-arte-cine-avatar\/#primaryimage\"},\"thumbnailUrl\":\"https:\/\/www.letsgocompany.com\/wp-content\/uploads\/2026\/03\/CABECERA.png\",\"datePublished\":\"2026-03-12T12:05:37+00:00\",\"dateModified\":\"2026-03-12T12:07:42+00:00\",\"author\":{\"@id\":\"https:\/\/www.letsgocompany.com\/es\/#\/schema\/person\/58ca4cfa9c51f70e45bc74a0237d4260\"},\"description\":\"La historia cultural del azul, del ultramarino medieval a Avatar, y su influencia en arte, literatura y cine.\",\"breadcrumb\":{\"@id\":\"https:\/\/www.letsgocompany.com\/es\/el-azul-historia-cultural-arte-cine-avatar\/#breadcrumb\"},\"inLanguage\":\"es\",\"potentialAction\":[{\"@type\":\"ReadAction\",\"target\":[\"https:\/\/www.letsgocompany.com\/es\/el-azul-historia-cultural-arte-cine-avatar\/\"]}]},{\"@type\":\"ImageObject\",\"inLanguage\":\"es\",\"@id\":\"https:\/\/www.letsgocompany.com\/es\/el-azul-historia-cultural-arte-cine-avatar\/#primaryimage\",\"url\":\"https:\/\/www.letsgocompany.com\/wp-content\/uploads\/2026\/03\/CABECERA.png\",\"contentUrl\":\"https:\/\/www.letsgocompany.com\/wp-content\/uploads\/2026\/03\/CABECERA.png\",\"width\":1440,\"height\":460},{\"@type\":\"BreadcrumbList\",\"@id\":\"https:\/\/www.letsgocompany.com\/es\/el-azul-historia-cultural-arte-cine-avatar\/#breadcrumb\",\"itemListElement\":[{\"@type\":\"ListItem\",\"position\":1,\"name\":\"Portada\",\"item\":\"https:\/\/www.letsgocompany.com\/es\/\"},{\"@type\":\"ListItem\",\"position\":2,\"name\":\"El azul: la historia cultural de un color que conquist\u00f3 el arte y el cine\"}]},{\"@type\":\"WebSite\",\"@id\":\"https:\/\/www.letsgocompany.com\/es\/#website\",\"url\":\"https:\/\/www.letsgocompany.com\/es\/\",\"name\":\"LetsGo\",\"description\":\"\",\"potentialAction\":[{\"@type\":\"SearchAction\",\"target\":{\"@type\":\"EntryPoint\",\"urlTemplate\":\"https:\/\/www.letsgocompany.com\/es\/?s={search_term_string}\"},\"query-input\":{\"@type\":\"PropertyValueSpecification\",\"valueRequired\":true,\"valueName\":\"search_term_string\"}}],\"inLanguage\":\"es\"},{\"@type\":\"Person\",\"@id\":\"https:\/\/www.letsgocompany.com\/es\/#\/schema\/person\/58ca4cfa9c51f70e45bc74a0237d4260\",\"name\":\"cperez\",\"url\":\"https:\/\/www.letsgocompany.com\/es\/author\/cperez\/\"}]}<\/script>\n<!-- \/ Yoast SEO plugin. -->","yoast_head_json":{"title":"El azul: la historia cultural de un color que conquist\u00f3 el arte y el cine - LetsGo","description":"La historia cultural del azul, del ultramarino medieval a Avatar, y su influencia en arte, literatura y cine.","robots":{"index":"index","follow":"follow","max-snippet":"max-snippet:-1","max-image-preview":"max-image-preview:large","max-video-preview":"max-video-preview:-1"},"canonical":"https:\/\/www.letsgocompany.com\/es\/el-azul-historia-cultural-arte-cine-avatar\/","og_locale":"es_ES","og_type":"article","og_title":"El azul: la historia cultural de un color que conquist\u00f3 el arte y el cine - LetsGo","og_description":"La historia cultural del azul, del ultramarino medieval a Avatar, y su influencia en arte, literatura y cine.","og_site_name":"LetsGo","article_published_time":"2026-03-12T12:05:37+00:00","article_modified_time":"2026-03-12T12:07:42+00:00","og_image":[{"width":1440,"height":460,"url":"https:\/\/www.letsgocompany.com\/wp-content\/uploads\/2026\/03\/CABECERA.png","type":"image\/png"}],"author":"cperez","twitter_card":"summary_large_image","twitter_misc":{"Escrito por":"cperez","Tiempo de lectura":"9 minutos"},"schema":{"@context":"https:\/\/schema.org","@graph":[{"@type":"Article","@id":"https:\/\/www.letsgocompany.com\/es\/el-azul-historia-cultural-arte-cine-avatar\/#article","isPartOf":{"@id":"https:\/\/www.letsgocompany.com\/es\/el-azul-historia-cultural-arte-cine-avatar\/"},"author":{"name":"cperez","@id":"https:\/\/www.letsgocompany.com\/es\/#\/schema\/person\/58ca4cfa9c51f70e45bc74a0237d4260"},"headline":"El azul: la historia cultural de un color que conquist\u00f3 el arte y el cine","datePublished":"2026-03-12T12:05:37+00:00","dateModified":"2026-03-12T12:07:42+00:00","mainEntityOfPage":{"@id":"https:\/\/www.letsgocompany.com\/es\/el-azul-historia-cultural-arte-cine-avatar\/"},"wordCount":1723,"image":{"@id":"https:\/\/www.letsgocompany.com\/es\/el-azul-historia-cultural-arte-cine-avatar\/#primaryimage"},"thumbnailUrl":"https:\/\/www.letsgocompany.com\/wp-content\/uploads\/2026\/03\/CABECERA.png","articleSection":["Behind the Scenes"],"inLanguage":"es"},{"@type":"WebPage","@id":"https:\/\/www.letsgocompany.com\/es\/el-azul-historia-cultural-arte-cine-avatar\/","url":"https:\/\/www.letsgocompany.com\/es\/el-azul-historia-cultural-arte-cine-avatar\/","name":"El azul: la historia cultural de un color que conquist\u00f3 el arte y el cine - LetsGo","isPartOf":{"@id":"https:\/\/www.letsgocompany.com\/es\/#website"},"primaryImageOfPage":{"@id":"https:\/\/www.letsgocompany.com\/es\/el-azul-historia-cultural-arte-cine-avatar\/#primaryimage"},"image":{"@id":"https:\/\/www.letsgocompany.com\/es\/el-azul-historia-cultural-arte-cine-avatar\/#primaryimage"},"thumbnailUrl":"https:\/\/www.letsgocompany.com\/wp-content\/uploads\/2026\/03\/CABECERA.png","datePublished":"2026-03-12T12:05:37+00:00","dateModified":"2026-03-12T12:07:42+00:00","author":{"@id":"https:\/\/www.letsgocompany.com\/es\/#\/schema\/person\/58ca4cfa9c51f70e45bc74a0237d4260"},"description":"La historia cultural del azul, del ultramarino medieval a Avatar, y su influencia en arte, literatura y cine.","breadcrumb":{"@id":"https:\/\/www.letsgocompany.com\/es\/el-azul-historia-cultural-arte-cine-avatar\/#breadcrumb"},"inLanguage":"es","potentialAction":[{"@type":"ReadAction","target":["https:\/\/www.letsgocompany.com\/es\/el-azul-historia-cultural-arte-cine-avatar\/"]}]},{"@type":"ImageObject","inLanguage":"es","@id":"https:\/\/www.letsgocompany.com\/es\/el-azul-historia-cultural-arte-cine-avatar\/#primaryimage","url":"https:\/\/www.letsgocompany.com\/wp-content\/uploads\/2026\/03\/CABECERA.png","contentUrl":"https:\/\/www.letsgocompany.com\/wp-content\/uploads\/2026\/03\/CABECERA.png","width":1440,"height":460},{"@type":"BreadcrumbList","@id":"https:\/\/www.letsgocompany.com\/es\/el-azul-historia-cultural-arte-cine-avatar\/#breadcrumb","itemListElement":[{"@type":"ListItem","position":1,"name":"Portada","item":"https:\/\/www.letsgocompany.com\/es\/"},{"@type":"ListItem","position":2,"name":"El azul: la historia cultural de un color que conquist\u00f3 el arte y el cine"}]},{"@type":"WebSite","@id":"https:\/\/www.letsgocompany.com\/es\/#website","url":"https:\/\/www.letsgocompany.com\/es\/","name":"LetsGo","description":"","potentialAction":[{"@type":"SearchAction","target":{"@type":"EntryPoint","urlTemplate":"https:\/\/www.letsgocompany.com\/es\/?s={search_term_string}"},"query-input":{"@type":"PropertyValueSpecification","valueRequired":true,"valueName":"search_term_string"}}],"inLanguage":"es"},{"@type":"Person","@id":"https:\/\/www.letsgocompany.com\/es\/#\/schema\/person\/58ca4cfa9c51f70e45bc74a0237d4260","name":"cperez","url":"https:\/\/www.letsgocompany.com\/es\/author\/cperez\/"}]}},"_links":{"self":[{"href":"https:\/\/www.letsgocompany.com\/es\/wp-json\/wp\/v2\/posts\/7633","targetHints":{"allow":["GET"]}}],"collection":[{"href":"https:\/\/www.letsgocompany.com\/es\/wp-json\/wp\/v2\/posts"}],"about":[{"href":"https:\/\/www.letsgocompany.com\/es\/wp-json\/wp\/v2\/types\/post"}],"author":[{"embeddable":true,"href":"https:\/\/www.letsgocompany.com\/es\/wp-json\/wp\/v2\/users\/12"}],"replies":[{"embeddable":true,"href":"https:\/\/www.letsgocompany.com\/es\/wp-json\/wp\/v2\/comments?post=7633"}],"version-history":[{"count":10,"href":"https:\/\/www.letsgocompany.com\/es\/wp-json\/wp\/v2\/posts\/7633\/revisions"}],"predecessor-version":[{"id":7688,"href":"https:\/\/www.letsgocompany.com\/es\/wp-json\/wp\/v2\/posts\/7633\/revisions\/7688"}],"wp:featuredmedia":[{"embeddable":true,"href":"https:\/\/www.letsgocompany.com\/es\/wp-json\/wp\/v2\/media\/7656"}],"wp:attachment":[{"href":"https:\/\/www.letsgocompany.com\/es\/wp-json\/wp\/v2\/media?parent=7633"}],"wp:term":[{"taxonomy":"category","embeddable":true,"href":"https:\/\/www.letsgocompany.com\/es\/wp-json\/wp\/v2\/categories?post=7633"},{"taxonomy":"post_tag","embeddable":true,"href":"https:\/\/www.letsgocompany.com\/es\/wp-json\/wp\/v2\/tags?post=7633"}],"curies":[{"name":"wp","href":"https:\/\/api.w.org\/{rel}","templated":true}]}}