{"id":6032,"date":"2025-09-25T18:55:37","date_gmt":"2025-09-25T16:55:37","guid":{"rendered":"https:\/\/www.letsgocompany.com\/?p=6032"},"modified":"2025-09-29T10:57:08","modified_gmt":"2025-09-29T08:57:08","slug":"cabaret-toma-madrid-sol-se-convierte-en-escenario-de-la-premier-mas-esperada","status":"publish","type":"post","link":"https:\/\/www.letsgocompany.com\/es\/cabaret-toma-madrid-sol-se-convierte-en-escenario-de-la-premier-mas-esperada\/","title":{"rendered":"Cabaret toma Madrid: Sol se convierte en escenario de la premier m\u00e1s esperada"},"content":{"rendered":"<h3 style=\"text-align: left;\">Una plaza abarrotada, artistas, orquesta y un <em>flashmob<\/em> dieron inicio al estreno del musical de moda en Madrid.<\/h3>\n<p>&nbsp;<\/p>\n<p><img loading=\"lazy\" decoding=\"async\" class=\"alignnone wp-image-6053 size-full\" src=\"https:\/\/www.letsgocompany.com\/wp-content\/uploads\/2025\/09\/1.png\" alt=\"\" width=\"1440\" height=\"460\" srcset=\"https:\/\/www.letsgocompany.com\/wp-content\/uploads\/2025\/09\/1.png 1440w, https:\/\/www.letsgocompany.com\/wp-content\/uploads\/2025\/09\/1-1280x409.png 1280w, https:\/\/www.letsgocompany.com\/wp-content\/uploads\/2025\/09\/1-980x313.png 980w, https:\/\/www.letsgocompany.com\/wp-content\/uploads\/2025\/09\/1-480x153.png 480w\" sizes=\"(min-width: 0px) and (max-width: 480px) 480px, (min-width: 481px) and (max-width: 980px) 980px, (min-width: 981px) and (max-width: 1280px) 1280px, (min-width: 1281px) 1440px, 100vw\" \/><\/p>\n<p style=\"text-align: left;\">Amanda Dig\u00f3n (caracterizada como Sally Bowles).<\/p>\n<p>&nbsp;<\/p>\n<p style=\"text-align: left;\"><strong>24 de septiembre, 18:45h.<\/strong> La orquesta comenz\u00f3 a tocar y la Puerta del Sol se convirti\u00f3 enseguida en el Kit Kat Klub al ritmo de himnos como <em>Willkommen<\/em> y <em>Cabaret<\/em>. La rutina de los locales y el merodeo de los turistas se interrumpieron de golpe: acababan de aparecer Sally Bowles, Clifford Bradshaw y el Emcee, seguidos por un centenar de bailarines que desbordaron el espacio que se les hab\u00eda concedido en la plaza.<\/p>\n<p>&nbsp;<\/p>\n<p><img loading=\"lazy\" decoding=\"async\" class=\"alignnone wp-image-6056 size-full\" src=\"https:\/\/www.letsgocompany.com\/wp-content\/uploads\/2025\/09\/3.png\" alt=\"\" width=\"1440\" height=\"460\" srcset=\"https:\/\/www.letsgocompany.com\/wp-content\/uploads\/2025\/09\/3.png 1440w, https:\/\/www.letsgocompany.com\/wp-content\/uploads\/2025\/09\/3-1280x409.png 1280w, https:\/\/www.letsgocompany.com\/wp-content\/uploads\/2025\/09\/3-980x313.png 980w, https:\/\/www.letsgocompany.com\/wp-content\/uploads\/2025\/09\/3-480x153.png 480w\" sizes=\"(min-width: 0px) and (max-width: 480px) 480px, (min-width: 481px) and (max-width: 980px) 980px, (min-width: 981px) and (max-width: 1280px) 1280px, (min-width: 1281px) 1440px, 100vw\" \/><\/p>\n<p>&nbsp;<\/p>\n<p style=\"text-align: left;\"><em>Cabaret<\/em> tomaba as\u00ed el espacio m\u00e1s simb\u00f3lico de Madrid en un abrazo colectivo en torno a la m\u00fasica y el teatro. La idea de un escenario abierto a todos, una invitaci\u00f3n clara a participar y a recordar el poder de la cultura. Fue el momento en que las calles de Madrid vivieron el musical antes, incluso, que los grandes invitados de la noche.<\/p>\n<p style=\"text-align: left;\">El <em>flashmob<\/em> fue el inicio de una adrenalina colectiva que continu\u00f3 en una procesi\u00f3n berlinesa hasta las puertas del UMusic Hotel, en alg\u00fan punto entre energ\u00eda contagiada y bailes improvisados.<\/p>\n<p>&nbsp;<\/p>\n<p><img loading=\"lazy\" decoding=\"async\" class=\"alignnone wp-image-6059 size-full\" src=\"https:\/\/www.letsgocompany.com\/wp-content\/uploads\/2025\/09\/4.png\" alt=\"\" width=\"1440\" height=\"460\" srcset=\"https:\/\/www.letsgocompany.com\/wp-content\/uploads\/2025\/09\/4.png 1440w, https:\/\/www.letsgocompany.com\/wp-content\/uploads\/2025\/09\/4-1280x409.png 1280w, https:\/\/www.letsgocompany.com\/wp-content\/uploads\/2025\/09\/4-980x313.png 980w, https:\/\/www.letsgocompany.com\/wp-content\/uploads\/2025\/09\/4-480x153.png 480w\" sizes=\"(min-width: 0px) and (max-width: 480px) 480px, (min-width: 481px) and (max-width: 980px) 980px, (min-width: 981px) and (max-width: 1280px) 1280px, (min-width: 1281px) 1440px, 100vw\" \/><\/p>\n<p>&nbsp;<\/p>\n<p><img loading=\"lazy\" decoding=\"async\" class=\"alignnone wp-image-6062 size-full\" src=\"https:\/\/www.letsgocompany.com\/wp-content\/uploads\/2025\/09\/5.png\" alt=\"\" width=\"1440\" height=\"460\" srcset=\"https:\/\/www.letsgocompany.com\/wp-content\/uploads\/2025\/09\/5.png 1440w, https:\/\/www.letsgocompany.com\/wp-content\/uploads\/2025\/09\/5-1280x409.png 1280w, https:\/\/www.letsgocompany.com\/wp-content\/uploads\/2025\/09\/5-980x313.png 980w, https:\/\/www.letsgocompany.com\/wp-content\/uploads\/2025\/09\/5-480x153.png 480w\" sizes=\"(min-width: 0px) and (max-width: 480px) 480px, (min-width: 481px) and (max-width: 980px) 980px, (min-width: 981px) and (max-width: 1280px) 1280px, (min-width: 1281px) 1440px, 100vw\" \/><\/p>\n<p>&nbsp;<\/p>\n<p style=\"text-align: left;\">A la llegada al hotel, el photocall vio desfilar al equipo creativo de <a href=\"https:\/\/www.letsgocompany.com\/es\/bienvenidos-al-universo-letsgo\/\">LETSGO<\/a>, al elenco, a la direcci\u00f3n y a algunas caras conocidas de la noche madrile\u00f1a. En un entorno casi costumbrista, con vecinos y transe\u00fantes rondando, un par de se\u00f1oras en la sombra narraban la alfombra roja y provocaban las risas de quienes las escuchaban: comentaban cada entrada, suspiraban por Pepe Nufrio y Gonzalo Ramos, y alababan lo estupenda que estaba Silvia Mars\u00f3.<\/p>\n<p>&nbsp;<\/p>\n<p><img loading=\"lazy\" decoding=\"async\" class=\"alignnone wp-image-6065 size-full\" src=\"https:\/\/www.letsgocompany.com\/wp-content\/uploads\/2025\/09\/6.png\" alt=\"\" width=\"1440\" height=\"460\" srcset=\"https:\/\/www.letsgocompany.com\/wp-content\/uploads\/2025\/09\/6.png 1440w, https:\/\/www.letsgocompany.com\/wp-content\/uploads\/2025\/09\/6-1280x409.png 1280w, https:\/\/www.letsgocompany.com\/wp-content\/uploads\/2025\/09\/6-980x313.png 980w, https:\/\/www.letsgocompany.com\/wp-content\/uploads\/2025\/09\/6-480x153.png 480w\" sizes=\"(min-width: 0px) and (max-width: 480px) 480px, (min-width: 481px) and (max-width: 980px) 980px, (min-width: 981px) and (max-width: 1280px) 1280px, (min-width: 1281px) 1440px, 100vw\" \/><\/p>\n<p style=\"text-align: left;\">De izq. a dcha.: Amanda Dig\u00f3n, Abril Zamora y Pepe Nufrio (caracterizados como Sally Bowles, el Emcee y Clifford Bradshaw).<\/p>\n<p>&nbsp;<\/p>\n<p style=\"text-align: left;\">A medida que iban pasando por las c\u00e1maras, el paseo continuaba hasta el hall del hotel y el interior del Kit Kat Klub. All\u00ed, el sonido de la trompeta ambientaba los saludos, los brindis y las conversaciones mientras los invitados iban ocupando sus asientos. Juanjo Bona, Anabel Pantoja, B\u00e1rbara Rey, Jordi S\u00e1nchez, Martin Urrutia, Nerea Rodr\u00edguez y Pupi Poisson fueron algunos de los nombres que vivieron la experiencia desde el <em>no escenario<\/em> del club, mezcl\u00e1ndose con los actores y viviendo la atm\u00f3sfera berlinesa de primera mano.<\/p>\n<p>&nbsp;<\/p>\n<p><img loading=\"lazy\" decoding=\"async\" class=\"alignnone wp-image-6074 size-full\" src=\"https:\/\/www.letsgocompany.com\/wp-content\/uploads\/2025\/09\/9.png\" alt=\"\" width=\"1440\" height=\"460\" srcset=\"https:\/\/www.letsgocompany.com\/wp-content\/uploads\/2025\/09\/9.png 1440w, https:\/\/www.letsgocompany.com\/wp-content\/uploads\/2025\/09\/9-1280x409.png 1280w, https:\/\/www.letsgocompany.com\/wp-content\/uploads\/2025\/09\/9-980x313.png 980w, https:\/\/www.letsgocompany.com\/wp-content\/uploads\/2025\/09\/9-480x153.png 480w\" sizes=\"(min-width: 0px) and (max-width: 480px) 480px, (min-width: 481px) and (max-width: 980px) 980px, (min-width: 981px) and (max-width: 1280px) 1280px, (min-width: 1281px) 1440px, 100vw\" \/><\/p>\n<p>Jordi S\u00e1nchez, acompa\u00f1ado de invitados, en el Kit Kat Klub.<\/p>\n<p>&nbsp;<\/p>\n<p><img loading=\"lazy\" decoding=\"async\" class=\"alignnone wp-image-6068 size-full\" src=\"https:\/\/www.letsgocompany.com\/wp-content\/uploads\/2025\/09\/7.png\" alt=\"\" width=\"1440\" height=\"460\" srcset=\"https:\/\/www.letsgocompany.com\/wp-content\/uploads\/2025\/09\/7.png 1440w, https:\/\/www.letsgocompany.com\/wp-content\/uploads\/2025\/09\/7-1280x409.png 1280w, https:\/\/www.letsgocompany.com\/wp-content\/uploads\/2025\/09\/7-980x313.png 980w, https:\/\/www.letsgocompany.com\/wp-content\/uploads\/2025\/09\/7-480x153.png 480w\" sizes=\"(min-width: 0px) and (max-width: 480px) 480px, (min-width: 481px) and (max-width: 980px) 980px, (min-width: 981px) and (max-width: 1280px) 1280px, (min-width: 1281px) 1440px, 100vw\" \/><\/p>\n<p>De izq. a dcha.: Martin Urrutia, Lina de Sol, Denna y Alez.<\/p>\n<p>&nbsp;<\/p>\n<p style=\"text-align: left;\">Durante el interludio, los comentarios eran de sorpresa y admiraci\u00f3n: \u00abMe lo estoy pasando incre\u00edble, el montaje es super chulo, la idea es muy guay y ha quedado maravilloso\u00bb, comentaba Pablo Puyol. Por su parte, Santiago Segura a\u00f1ad\u00eda: \u00abEstoy muy feliz de haber sido invitado al Kit Kat Klub, nunca hab\u00eda sentido el <em>Cabaret<\/em> tan desde dentro, me est\u00e1 encantando, estoy al lado de los m\u00fasicos y lo estoy disfrutando de una manera muy especial\u00bb.<\/p>\n<p>&nbsp;<\/p>\n<p><img loading=\"lazy\" decoding=\"async\" class=\"alignnone wp-image-6071 size-full\" src=\"https:\/\/www.letsgocompany.com\/wp-content\/uploads\/2025\/09\/8.png\" alt=\"\" width=\"1440\" height=\"460\" srcset=\"https:\/\/www.letsgocompany.com\/wp-content\/uploads\/2025\/09\/8.png 1440w, https:\/\/www.letsgocompany.com\/wp-content\/uploads\/2025\/09\/8-1280x409.png 1280w, https:\/\/www.letsgocompany.com\/wp-content\/uploads\/2025\/09\/8-980x313.png 980w, https:\/\/www.letsgocompany.com\/wp-content\/uploads\/2025\/09\/8-480x153.png 480w\" sizes=\"(min-width: 0px) and (max-width: 480px) 480px, (min-width: 481px) and (max-width: 980px) 980px, (min-width: 981px) and (max-width: 1280px) 1280px, (min-width: 1281px) 1440px, 100vw\" \/><\/p>\n<p style=\"text-align: left;\">De izq. a dcha.: Pablo Puyol, Alejandro Fern\u00e1ndez (caracterizado como bailar\u00edn del Kit Kat Klub) y Beatriz Mur.<\/p>\n<p>&nbsp;<\/p>\n<p><img loading=\"lazy\" decoding=\"async\" class=\"alignnone wp-image-6090 size-full\" src=\"https:\/\/www.letsgocompany.com\/wp-content\/uploads\/2025\/09\/16-1.png\" alt=\"\" width=\"1440\" height=\"460\" srcset=\"https:\/\/www.letsgocompany.com\/wp-content\/uploads\/2025\/09\/16-1.png 1440w, https:\/\/www.letsgocompany.com\/wp-content\/uploads\/2025\/09\/16-1-300x96.png 300w, https:\/\/www.letsgocompany.com\/wp-content\/uploads\/2025\/09\/16-1-1024x327.png 1024w, https:\/\/www.letsgocompany.com\/wp-content\/uploads\/2025\/09\/16-1-768x245.png 768w, https:\/\/www.letsgocompany.com\/wp-content\/uploads\/2025\/09\/16-1-500x160.png 500w, https:\/\/www.letsgocompany.com\/wp-content\/uploads\/2025\/09\/16-1-1080x345.png 1080w\" sizes=\"(max-width: 1440px) 100vw, 1440px\" \/><\/p>\n<p>Santiago Segura en el Kit Kat Klub.<\/p>\n<p>&nbsp;<\/p>\n<p style=\"text-align: left;\">Hacia el final de la funci\u00f3n, los aplausos y ovaciones dieron paso a las palabras de Federico Bellone, I\u00f1aki Fern\u00e1ndez y Howard Marron, quien expres\u00f3 emocionado:<\/p>\n<blockquote>\n<p style=\"text-align: left;\">Es una pena que Joe Masteroff no pueda verlo, le hubiese encantado. Es una producci\u00f3n brillante, no puedo decir nada malo, el elenco es incre\u00edble y han hecho un trabajo sensacional.<\/p>\n<\/blockquote>\n<p>&nbsp;<\/p>\n<p><img loading=\"lazy\" decoding=\"async\" class=\"alignnone wp-image-6080 size-full\" src=\"https:\/\/www.letsgocompany.com\/wp-content\/uploads\/2025\/09\/11.png\" alt=\"\" width=\"1440\" height=\"460\" srcset=\"https:\/\/www.letsgocompany.com\/wp-content\/uploads\/2025\/09\/11.png 1440w, https:\/\/www.letsgocompany.com\/wp-content\/uploads\/2025\/09\/11-1280x409.png 1280w, https:\/\/www.letsgocompany.com\/wp-content\/uploads\/2025\/09\/11-980x313.png 980w, https:\/\/www.letsgocompany.com\/wp-content\/uploads\/2025\/09\/11-480x153.png 480w\" sizes=\"(min-width: 0px) and (max-width: 480px) 480px, (min-width: 481px) and (max-width: 980px) 980px, (min-width: 981px) and (max-width: 1280px) 1280px, (min-width: 1281px) 1440px, 100vw\" \/><\/p>\n<p>Federico Bellone junto a Howard Marron durante las palabras finales del espect\u00e1culo.<\/p>\n<p>&nbsp;<\/p>\n<p><img loading=\"lazy\" decoding=\"async\" class=\"alignnone wp-image-6035 size-full\" src=\"https:\/\/www.letsgocompany.com\/wp-content\/uploads\/2025\/09\/12.png\" alt=\"\" width=\"1440\" height=\"460\" srcset=\"https:\/\/www.letsgocompany.com\/wp-content\/uploads\/2025\/09\/12.png 1440w, https:\/\/www.letsgocompany.com\/wp-content\/uploads\/2025\/09\/12-1280x409.png 1280w, https:\/\/www.letsgocompany.com\/wp-content\/uploads\/2025\/09\/12-980x313.png 980w, https:\/\/www.letsgocompany.com\/wp-content\/uploads\/2025\/09\/12-480x153.png 480w\" sizes=\"(min-width: 0px) and (max-width: 480px) 480px, (min-width: 481px) and (max-width: 980px) 980px, (min-width: 981px) and (max-width: 1280px) 1280px, (min-width: 1281px) 1440px, 100vw\" \/><\/p>\n<p>Federico Bellone e I\u00f1aki Fern\u00e1ndez durante las palabras finales del espect\u00e1culo.<\/p>\n<p>&nbsp;<\/p>\n<p style=\"text-align: left;\">Entre los invitados, se mezclaban dos tipos de reacciones: la emoci\u00f3n de vivir la historia desde dentro y la valoraci\u00f3n de la producci\u00f3n y la trama. Pupi Poisson comentaba que \u00abvivir la experiencia inmersiva es realmente la que vale, ver a esos actores-cantantes y bailarines tan de cerca, su interpretaci\u00f3n, sus ojos, la emoci\u00f3n\u00bb. Christian S\u00e1nchez a\u00f1ad\u00eda: \u00abEs incre\u00edble, estoy emocionado. La verdad que me parece un trabajazo, de lo mejor que he visto en a\u00f1os, ya no solo por la escenograf\u00eda, que es espectacular, o por intentar darle una vuelta de tuerca a lo que es <em>Cabaret<\/em>, sino por el conjunto, es incre\u00edble. Es muy bonito porque se entienden muchas cosas que tal vez en otras producciones se pasan por alto, ahora mismo estamos pasando por una situaci\u00f3n en la que algo as\u00ed es muy necesario\u00bb.<\/p>\n<p>&nbsp;<\/p>\n<p><img loading=\"lazy\" decoding=\"async\" class=\"alignnone wp-image-6041 size-full\" src=\"https:\/\/www.letsgocompany.com\/wp-content\/uploads\/2025\/09\/15.png\" alt=\"\" width=\"1440\" height=\"460\" srcset=\"https:\/\/www.letsgocompany.com\/wp-content\/uploads\/2025\/09\/15.png 1440w, https:\/\/www.letsgocompany.com\/wp-content\/uploads\/2025\/09\/15-1280x409.png 1280w, https:\/\/www.letsgocompany.com\/wp-content\/uploads\/2025\/09\/15-980x313.png 980w, https:\/\/www.letsgocompany.com\/wp-content\/uploads\/2025\/09\/15-480x153.png 480w\" sizes=\"(min-width: 0px) and (max-width: 480px) 480px, (min-width: 481px) and (max-width: 980px) 980px, (min-width: 981px) and (max-width: 1280px) 1280px, (min-width: 1281px) 1440px, 100vw\" \/><\/p>\n<p>&nbsp;<\/p>\n<p><img loading=\"lazy\" decoding=\"async\" class=\"alignnone wp-image-6047 size-full\" src=\"https:\/\/www.letsgocompany.com\/wp-content\/uploads\/2025\/09\/17.png\" alt=\"\" width=\"1440\" height=\"460\" srcset=\"https:\/\/www.letsgocompany.com\/wp-content\/uploads\/2025\/09\/17.png 1440w, https:\/\/www.letsgocompany.com\/wp-content\/uploads\/2025\/09\/17-1280x409.png 1280w, https:\/\/www.letsgocompany.com\/wp-content\/uploads\/2025\/09\/17-980x313.png 980w, https:\/\/www.letsgocompany.com\/wp-content\/uploads\/2025\/09\/17-480x153.png 480w\" sizes=\"(min-width: 0px) and (max-width: 480px) 480px, (min-width: 481px) and (max-width: 980px) 980px, (min-width: 981px) and (max-width: 1280px) 1280px, (min-width: 1281px) 1440px, 100vw\" \/><\/p>\n<p style=\"text-align: left;\">De izq. a dcha.: Nerea Rodr\u00edguez, Ricky Merino y Andrea Guasch.<\/p>\n<p>&nbsp;<\/p>\n<p style=\"text-align: left;\">Si bien la historia puede dejar al espectador con un sinsabor que provoca reflexi\u00f3n, el Kit Kat Klub se encarga de que el tel\u00f3n nunca caiga del todo, devolviendo la sensaci\u00f3n de euforia compartida, complicidad con los actores y pertenencia a un espacio donde la m\u00fasica, el baile y la celebraci\u00f3n contin\u00faan m\u00e1s all\u00e1 de la funci\u00f3n. El post-show se convirti\u00f3 en un cierre natural y prolongado de la experiencia; la DJ Vinila von Bismark se encarg\u00f3 de desenfadar el ambiente y acompa\u00f1ar hasta el final a los sobrevivientes de la noche.<\/p>\n<p>&nbsp;<\/p>\n<p><img loading=\"lazy\" decoding=\"async\" class=\"alignnone wp-image-6038 size-full\" src=\"https:\/\/www.letsgocompany.com\/wp-content\/uploads\/2025\/09\/13.png\" alt=\"\" width=\"1440\" height=\"460\" srcset=\"https:\/\/www.letsgocompany.com\/wp-content\/uploads\/2025\/09\/13.png 1440w, https:\/\/www.letsgocompany.com\/wp-content\/uploads\/2025\/09\/13-1280x409.png 1280w, https:\/\/www.letsgocompany.com\/wp-content\/uploads\/2025\/09\/13-980x313.png 980w, https:\/\/www.letsgocompany.com\/wp-content\/uploads\/2025\/09\/13-480x153.png 480w\" sizes=\"(min-width: 0px) and (max-width: 480px) 480px, (min-width: 481px) and (max-width: 980px) 980px, (min-width: 981px) and (max-width: 1280px) 1280px, (min-width: 1281px) 1440px, 100vw\" \/><\/p>\n<p style=\"text-align: left;\">Juanjo Bona junto a Pupi Poisson y Hornella G\u00f3ngora, en el Kit Kat Klub.<\/p>\n<p>&nbsp;<\/p>\n<p><img loading=\"lazy\" decoding=\"async\" class=\"alignnone wp-image-6077 size-full\" src=\"https:\/\/www.letsgocompany.com\/wp-content\/uploads\/2025\/09\/10.png\" alt=\"\" width=\"1440\" height=\"460\" srcset=\"https:\/\/www.letsgocompany.com\/wp-content\/uploads\/2025\/09\/10.png 1440w, https:\/\/www.letsgocompany.com\/wp-content\/uploads\/2025\/09\/10-1280x460.png 1280w, https:\/\/www.letsgocompany.com\/wp-content\/uploads\/2025\/09\/10-980x460.png 980w, https:\/\/www.letsgocompany.com\/wp-content\/uploads\/2025\/09\/10-480x270.png 480w\" sizes=\"(min-width: 0px) and (max-width: 480px) 480px, (min-width: 481px) and (max-width: 980px) 980px, (min-width: 981px) and (max-width: 1280px) 1280px, (min-width: 1281px) 1440px, 100vw\" \/><\/p>\n<p style=\"text-align: left;\">De izq. a dcha.: Eduardo Navarrete, Pepa Charro y Silvia Superstar, acompa\u00f1ados de invitados, en el Kit Kat Klub.<\/p>\n<p>&nbsp;<\/p>\n<p style=\"text-align: left;\">La premier confirm\u00f3 que <em>Cabaret<\/em> ha llegado a Madrid como un espect\u00e1culo que trasciende el escenario. La combinaci\u00f3n de m\u00fasica, actuaci\u00f3n y participaci\u00f3n del p\u00fablico convirti\u00f3 el estreno en una experiencia completa, en la que cada invitado se llev\u00f3 m\u00e1s que un espect\u00e1culo: se llev\u00f3 la sensaci\u00f3n de haber formado parte de algo \u00fanico.<\/p>\n<p>&nbsp;<\/p>\n<div style=\"width: 1080px;\" class=\"wp-video\"><video class=\"wp-video-shortcode\" id=\"video-6032-1\" width=\"1080\" height=\"345\" preload=\"metadata\" controls=\"controls\"><source type=\"video\/mp4\" src=\"https:\/\/www.letsgocompany.com\/wp-content\/uploads\/2025\/09\/CABARET_RESUMEN-ESTRENO_1440x460.mp4?_=1\" \/><a href=\"https:\/\/www.letsgocompany.com\/wp-content\/uploads\/2025\/09\/CABARET_RESUMEN-ESTRENO_1440x460.mp4\">https:\/\/www.letsgocompany.com\/wp-content\/uploads\/2025\/09\/CABARET_RESUMEN-ESTRENO_1440x460.mp4<\/a><\/video><\/div>\n<p>&nbsp;<\/p>\n<p style=\"text-align: right;\">Por la Pluma de LETSGO, Claudia P\u00e9rez Carbonell, a 25 de septiembre de 2025.<\/p>\n<p><span data-ccp-props=\"{}\">\u00a0<\/span><\/p>\n","protected":false},"excerpt":{"rendered":"<p>Una plaza abarrotada, artistas, orquesta y un flashmob dieron inicio al estreno del musical de moda en Madrid. &nbsp; Amanda Dig\u00f3n (caracterizada como Sally Bowles). &nbsp; 24 de septiembre, 18:45h. La orquesta comenz\u00f3 a tocar y la Puerta del Sol se convirti\u00f3 enseguida en el Kit Kat Klub al ritmo de himnos como Willkommen y [&hellip;]<\/p>\n","protected":false},"author":12,"featured_media":6050,"comment_status":"closed","ping_status":"closed","sticky":false,"template":"","format":"standard","meta":{"_acf_changed":false,"_et_pb_use_builder":"","_et_pb_old_content":"","_et_gb_content_width":"","footnotes":""},"categories":[72],"tags":[],"class_list":["post-6032","post","type-post","status-publish","format-standard","has-post-thumbnail","hentry","category-news-es"],"acf":[],"yoast_head":"<!-- This site is optimized with the Yoast SEO plugin v27.0 - https:\/\/yoast.com\/product\/yoast-seo-wordpress\/ -->\n<title>Cabaret toma Madrid: Sol se convierte en escenario de la premier m\u00e1s esperada - LetsGo<\/title>\n<meta name=\"description\" content=\"El estreno de Cabaret transform\u00f3 la Puerta del Sol en un aut\u00e9ntico Kit Kat Klub con orquesta, bailarines y un flashmob hist\u00f3rico. Entre ovaciones, invitados VIP y un aftershow con Vinila von Bismark, Madrid confirm\u00f3 que el musical inmersivo m\u00e1s esperado ya est\u00e1 aqu\u00ed\" \/>\n<meta name=\"robots\" content=\"index, follow, max-snippet:-1, max-image-preview:large, max-video-preview:-1\" \/>\n<link rel=\"canonical\" href=\"https:\/\/www.letsgocompany.com\/es\/cabaret-toma-madrid-sol-se-convierte-en-escenario-de-la-premier-mas-esperada\/\" \/>\n<meta property=\"og:locale\" content=\"es_ES\" \/>\n<meta property=\"og:type\" content=\"article\" \/>\n<meta property=\"og:title\" content=\"Cabaret toma Madrid: Sol se convierte en escenario de la premier m\u00e1s esperada - LetsGo\" \/>\n<meta property=\"og:description\" content=\"El estreno de Cabaret transform\u00f3 la Puerta del Sol en un aut\u00e9ntico Kit Kat Klub con orquesta, bailarines y un flashmob hist\u00f3rico. Entre ovaciones, invitados VIP y un aftershow con Vinila von Bismark, Madrid confirm\u00f3 que el musical inmersivo m\u00e1s esperado ya est\u00e1 aqu\u00ed\" \/>\n<meta property=\"og:site_name\" content=\"LetsGo\" \/>\n<meta property=\"article:published_time\" content=\"2025-09-25T16:55:37+00:00\" \/>\n<meta property=\"article:modified_time\" content=\"2025-09-29T08:57:08+00:00\" \/>\n<meta property=\"og:image\" content=\"https:\/\/www.letsgocompany.com\/wp-content\/uploads\/2025\/09\/CABECERA.png\" \/>\n\t<meta property=\"og:image:width\" content=\"1440\" \/>\n\t<meta property=\"og:image:height\" content=\"460\" \/>\n\t<meta property=\"og:image:type\" content=\"image\/png\" \/>\n<meta name=\"author\" content=\"cperez\" \/>\n<meta name=\"twitter:card\" content=\"summary_large_image\" \/>\n<meta name=\"twitter:label1\" content=\"Escrito por\" \/>\n\t<meta name=\"twitter:data1\" content=\"cperez\" \/>\n\t<meta name=\"twitter:label2\" content=\"Tiempo de lectura\" \/>\n\t<meta name=\"twitter:data2\" content=\"8 minutos\" \/>\n<script type=\"application\/ld+json\" class=\"yoast-schema-graph\">{\"@context\":\"https:\/\/schema.org\",\"@graph\":[{\"@type\":\"Article\",\"@id\":\"https:\/\/www.letsgocompany.com\/es\/cabaret-toma-madrid-sol-se-convierte-en-escenario-de-la-premier-mas-esperada\/#article\",\"isPartOf\":{\"@id\":\"https:\/\/www.letsgocompany.com\/es\/cabaret-toma-madrid-sol-se-convierte-en-escenario-de-la-premier-mas-esperada\/\"},\"author\":{\"name\":\"cperez\",\"@id\":\"https:\/\/www.letsgocompany.com\/es\/#\/schema\/person\/58ca4cfa9c51f70e45bc74a0237d4260\"},\"headline\":\"Cabaret toma Madrid: Sol se convierte en escenario de la premier m\u00e1s esperada\",\"datePublished\":\"2025-09-25T16:55:37+00:00\",\"dateModified\":\"2025-09-29T08:57:08+00:00\",\"mainEntityOfPage\":{\"@id\":\"https:\/\/www.letsgocompany.com\/es\/cabaret-toma-madrid-sol-se-convierte-en-escenario-de-la-premier-mas-esperada\/\"},\"wordCount\":1040,\"image\":{\"@id\":\"https:\/\/www.letsgocompany.com\/es\/cabaret-toma-madrid-sol-se-convierte-en-escenario-de-la-premier-mas-esperada\/#primaryimage\"},\"thumbnailUrl\":\"https:\/\/www.letsgocompany.com\/wp-content\/uploads\/2025\/09\/CABECERA.png\",\"articleSection\":[\"News\"],\"inLanguage\":\"es\"},{\"@type\":\"WebPage\",\"@id\":\"https:\/\/www.letsgocompany.com\/es\/cabaret-toma-madrid-sol-se-convierte-en-escenario-de-la-premier-mas-esperada\/\",\"url\":\"https:\/\/www.letsgocompany.com\/es\/cabaret-toma-madrid-sol-se-convierte-en-escenario-de-la-premier-mas-esperada\/\",\"name\":\"Cabaret toma Madrid: Sol se convierte en escenario de la premier m\u00e1s esperada - LetsGo\",\"isPartOf\":{\"@id\":\"https:\/\/www.letsgocompany.com\/es\/#website\"},\"primaryImageOfPage\":{\"@id\":\"https:\/\/www.letsgocompany.com\/es\/cabaret-toma-madrid-sol-se-convierte-en-escenario-de-la-premier-mas-esperada\/#primaryimage\"},\"image\":{\"@id\":\"https:\/\/www.letsgocompany.com\/es\/cabaret-toma-madrid-sol-se-convierte-en-escenario-de-la-premier-mas-esperada\/#primaryimage\"},\"thumbnailUrl\":\"https:\/\/www.letsgocompany.com\/wp-content\/uploads\/2025\/09\/CABECERA.png\",\"datePublished\":\"2025-09-25T16:55:37+00:00\",\"dateModified\":\"2025-09-29T08:57:08+00:00\",\"author\":{\"@id\":\"https:\/\/www.letsgocompany.com\/es\/#\/schema\/person\/58ca4cfa9c51f70e45bc74a0237d4260\"},\"description\":\"El estreno de Cabaret transform\u00f3 la Puerta del Sol en un aut\u00e9ntico Kit Kat Klub con orquesta, bailarines y un flashmob hist\u00f3rico. Entre ovaciones, invitados VIP y un aftershow con Vinila von Bismark, Madrid confirm\u00f3 que el musical inmersivo m\u00e1s esperado ya est\u00e1 aqu\u00ed\",\"breadcrumb\":{\"@id\":\"https:\/\/www.letsgocompany.com\/es\/cabaret-toma-madrid-sol-se-convierte-en-escenario-de-la-premier-mas-esperada\/#breadcrumb\"},\"inLanguage\":\"es\",\"potentialAction\":[{\"@type\":\"ReadAction\",\"target\":[\"https:\/\/www.letsgocompany.com\/es\/cabaret-toma-madrid-sol-se-convierte-en-escenario-de-la-premier-mas-esperada\/\"]}]},{\"@type\":\"ImageObject\",\"inLanguage\":\"es\",\"@id\":\"https:\/\/www.letsgocompany.com\/es\/cabaret-toma-madrid-sol-se-convierte-en-escenario-de-la-premier-mas-esperada\/#primaryimage\",\"url\":\"https:\/\/www.letsgocompany.com\/wp-content\/uploads\/2025\/09\/CABECERA.png\",\"contentUrl\":\"https:\/\/www.letsgocompany.com\/wp-content\/uploads\/2025\/09\/CABECERA.png\",\"width\":1440,\"height\":460},{\"@type\":\"BreadcrumbList\",\"@id\":\"https:\/\/www.letsgocompany.com\/es\/cabaret-toma-madrid-sol-se-convierte-en-escenario-de-la-premier-mas-esperada\/#breadcrumb\",\"itemListElement\":[{\"@type\":\"ListItem\",\"position\":1,\"name\":\"Portada\",\"item\":\"https:\/\/www.letsgocompany.com\/es\/\"},{\"@type\":\"ListItem\",\"position\":2,\"name\":\"Cabaret toma Madrid: Sol se convierte en escenario de la premier m\u00e1s esperada\"}]},{\"@type\":\"WebSite\",\"@id\":\"https:\/\/www.letsgocompany.com\/es\/#website\",\"url\":\"https:\/\/www.letsgocompany.com\/es\/\",\"name\":\"LetsGo\",\"description\":\"\",\"potentialAction\":[{\"@type\":\"SearchAction\",\"target\":{\"@type\":\"EntryPoint\",\"urlTemplate\":\"https:\/\/www.letsgocompany.com\/es\/?s={search_term_string}\"},\"query-input\":{\"@type\":\"PropertyValueSpecification\",\"valueRequired\":true,\"valueName\":\"search_term_string\"}}],\"inLanguage\":\"es\"},{\"@type\":\"Person\",\"@id\":\"https:\/\/www.letsgocompany.com\/es\/#\/schema\/person\/58ca4cfa9c51f70e45bc74a0237d4260\",\"name\":\"cperez\",\"url\":\"https:\/\/www.letsgocompany.com\/es\/author\/cperez\/\"}]}<\/script>\n<!-- \/ Yoast SEO plugin. -->","yoast_head_json":{"title":"Cabaret toma Madrid: Sol se convierte en escenario de la premier m\u00e1s esperada - LetsGo","description":"El estreno de Cabaret transform\u00f3 la Puerta del Sol en un aut\u00e9ntico Kit Kat Klub con orquesta, bailarines y un flashmob hist\u00f3rico. Entre ovaciones, invitados VIP y un aftershow con Vinila von Bismark, Madrid confirm\u00f3 que el musical inmersivo m\u00e1s esperado ya est\u00e1 aqu\u00ed","robots":{"index":"index","follow":"follow","max-snippet":"max-snippet:-1","max-image-preview":"max-image-preview:large","max-video-preview":"max-video-preview:-1"},"canonical":"https:\/\/www.letsgocompany.com\/es\/cabaret-toma-madrid-sol-se-convierte-en-escenario-de-la-premier-mas-esperada\/","og_locale":"es_ES","og_type":"article","og_title":"Cabaret toma Madrid: Sol se convierte en escenario de la premier m\u00e1s esperada - LetsGo","og_description":"El estreno de Cabaret transform\u00f3 la Puerta del Sol en un aut\u00e9ntico Kit Kat Klub con orquesta, bailarines y un flashmob hist\u00f3rico. Entre ovaciones, invitados VIP y un aftershow con Vinila von Bismark, Madrid confirm\u00f3 que el musical inmersivo m\u00e1s esperado ya est\u00e1 aqu\u00ed","og_site_name":"LetsGo","article_published_time":"2025-09-25T16:55:37+00:00","article_modified_time":"2025-09-29T08:57:08+00:00","og_image":[{"width":1440,"height":460,"url":"https:\/\/www.letsgocompany.com\/wp-content\/uploads\/2025\/09\/CABECERA.png","type":"image\/png"}],"author":"cperez","twitter_card":"summary_large_image","twitter_misc":{"Escrito por":"cperez","Tiempo de lectura":"8 minutos"},"schema":{"@context":"https:\/\/schema.org","@graph":[{"@type":"Article","@id":"https:\/\/www.letsgocompany.com\/es\/cabaret-toma-madrid-sol-se-convierte-en-escenario-de-la-premier-mas-esperada\/#article","isPartOf":{"@id":"https:\/\/www.letsgocompany.com\/es\/cabaret-toma-madrid-sol-se-convierte-en-escenario-de-la-premier-mas-esperada\/"},"author":{"name":"cperez","@id":"https:\/\/www.letsgocompany.com\/es\/#\/schema\/person\/58ca4cfa9c51f70e45bc74a0237d4260"},"headline":"Cabaret toma Madrid: Sol se convierte en escenario de la premier m\u00e1s esperada","datePublished":"2025-09-25T16:55:37+00:00","dateModified":"2025-09-29T08:57:08+00:00","mainEntityOfPage":{"@id":"https:\/\/www.letsgocompany.com\/es\/cabaret-toma-madrid-sol-se-convierte-en-escenario-de-la-premier-mas-esperada\/"},"wordCount":1040,"image":{"@id":"https:\/\/www.letsgocompany.com\/es\/cabaret-toma-madrid-sol-se-convierte-en-escenario-de-la-premier-mas-esperada\/#primaryimage"},"thumbnailUrl":"https:\/\/www.letsgocompany.com\/wp-content\/uploads\/2025\/09\/CABECERA.png","articleSection":["News"],"inLanguage":"es"},{"@type":"WebPage","@id":"https:\/\/www.letsgocompany.com\/es\/cabaret-toma-madrid-sol-se-convierte-en-escenario-de-la-premier-mas-esperada\/","url":"https:\/\/www.letsgocompany.com\/es\/cabaret-toma-madrid-sol-se-convierte-en-escenario-de-la-premier-mas-esperada\/","name":"Cabaret toma Madrid: Sol se convierte en escenario de la premier m\u00e1s esperada - LetsGo","isPartOf":{"@id":"https:\/\/www.letsgocompany.com\/es\/#website"},"primaryImageOfPage":{"@id":"https:\/\/www.letsgocompany.com\/es\/cabaret-toma-madrid-sol-se-convierte-en-escenario-de-la-premier-mas-esperada\/#primaryimage"},"image":{"@id":"https:\/\/www.letsgocompany.com\/es\/cabaret-toma-madrid-sol-se-convierte-en-escenario-de-la-premier-mas-esperada\/#primaryimage"},"thumbnailUrl":"https:\/\/www.letsgocompany.com\/wp-content\/uploads\/2025\/09\/CABECERA.png","datePublished":"2025-09-25T16:55:37+00:00","dateModified":"2025-09-29T08:57:08+00:00","author":{"@id":"https:\/\/www.letsgocompany.com\/es\/#\/schema\/person\/58ca4cfa9c51f70e45bc74a0237d4260"},"description":"El estreno de Cabaret transform\u00f3 la Puerta del Sol en un aut\u00e9ntico Kit Kat Klub con orquesta, bailarines y un flashmob hist\u00f3rico. Entre ovaciones, invitados VIP y un aftershow con Vinila von Bismark, Madrid confirm\u00f3 que el musical inmersivo m\u00e1s esperado ya est\u00e1 aqu\u00ed","breadcrumb":{"@id":"https:\/\/www.letsgocompany.com\/es\/cabaret-toma-madrid-sol-se-convierte-en-escenario-de-la-premier-mas-esperada\/#breadcrumb"},"inLanguage":"es","potentialAction":[{"@type":"ReadAction","target":["https:\/\/www.letsgocompany.com\/es\/cabaret-toma-madrid-sol-se-convierte-en-escenario-de-la-premier-mas-esperada\/"]}]},{"@type":"ImageObject","inLanguage":"es","@id":"https:\/\/www.letsgocompany.com\/es\/cabaret-toma-madrid-sol-se-convierte-en-escenario-de-la-premier-mas-esperada\/#primaryimage","url":"https:\/\/www.letsgocompany.com\/wp-content\/uploads\/2025\/09\/CABECERA.png","contentUrl":"https:\/\/www.letsgocompany.com\/wp-content\/uploads\/2025\/09\/CABECERA.png","width":1440,"height":460},{"@type":"BreadcrumbList","@id":"https:\/\/www.letsgocompany.com\/es\/cabaret-toma-madrid-sol-se-convierte-en-escenario-de-la-premier-mas-esperada\/#breadcrumb","itemListElement":[{"@type":"ListItem","position":1,"name":"Portada","item":"https:\/\/www.letsgocompany.com\/es\/"},{"@type":"ListItem","position":2,"name":"Cabaret toma Madrid: Sol se convierte en escenario de la premier m\u00e1s esperada"}]},{"@type":"WebSite","@id":"https:\/\/www.letsgocompany.com\/es\/#website","url":"https:\/\/www.letsgocompany.com\/es\/","name":"LetsGo","description":"","potentialAction":[{"@type":"SearchAction","target":{"@type":"EntryPoint","urlTemplate":"https:\/\/www.letsgocompany.com\/es\/?s={search_term_string}"},"query-input":{"@type":"PropertyValueSpecification","valueRequired":true,"valueName":"search_term_string"}}],"inLanguage":"es"},{"@type":"Person","@id":"https:\/\/www.letsgocompany.com\/es\/#\/schema\/person\/58ca4cfa9c51f70e45bc74a0237d4260","name":"cperez","url":"https:\/\/www.letsgocompany.com\/es\/author\/cperez\/"}]}},"_links":{"self":[{"href":"https:\/\/www.letsgocompany.com\/es\/wp-json\/wp\/v2\/posts\/6032","targetHints":{"allow":["GET"]}}],"collection":[{"href":"https:\/\/www.letsgocompany.com\/es\/wp-json\/wp\/v2\/posts"}],"about":[{"href":"https:\/\/www.letsgocompany.com\/es\/wp-json\/wp\/v2\/types\/post"}],"author":[{"embeddable":true,"href":"https:\/\/www.letsgocompany.com\/es\/wp-json\/wp\/v2\/users\/12"}],"replies":[{"embeddable":true,"href":"https:\/\/www.letsgocompany.com\/es\/wp-json\/wp\/v2\/comments?post=6032"}],"version-history":[{"count":17,"href":"https:\/\/www.letsgocompany.com\/es\/wp-json\/wp\/v2\/posts\/6032\/revisions"}],"predecessor-version":[{"id":6127,"href":"https:\/\/www.letsgocompany.com\/es\/wp-json\/wp\/v2\/posts\/6032\/revisions\/6127"}],"wp:featuredmedia":[{"embeddable":true,"href":"https:\/\/www.letsgocompany.com\/es\/wp-json\/wp\/v2\/media\/6050"}],"wp:attachment":[{"href":"https:\/\/www.letsgocompany.com\/es\/wp-json\/wp\/v2\/media?parent=6032"}],"wp:term":[{"taxonomy":"category","embeddable":true,"href":"https:\/\/www.letsgocompany.com\/es\/wp-json\/wp\/v2\/categories?post=6032"},{"taxonomy":"post_tag","embeddable":true,"href":"https:\/\/www.letsgocompany.com\/es\/wp-json\/wp\/v2\/tags?post=6032"}],"curies":[{"name":"wp","href":"https:\/\/api.w.org\/{rel}","templated":true}]}}